{"id":27161,"date":"2020-05-28T16:02:00","date_gmt":"2020-05-28T14:02:00","guid":{"rendered":"https:\/\/rodavigo.net\/blog\/?p=27161"},"modified":"2020-09-01T09:10:31","modified_gmt":"2020-09-01T07:10:31","slug":"rodavigo-trabaja-a-nivel-global-contra-el-covid-19","status":"publish","type":"post","link":"https:\/\/rodavigo.net\/blog\/rodavigo-trabaja-a-nivel-global-contra-el-covid-19\/","title":{"rendered":"Rodavigo Trabaja a Nivel Global contra el Covid-19"},"content":{"rendered":"\n<p>La p\u00e1gina web de Rodavigo y la internacionalizaci\u00f3n de nuestro servicio han sido claves a la hora de hacer frente a las consecuencias econ\u00f3micas de la pandemia del coronavirus en el sector industrial. Nuestro director general, Nazario Correa, ha explicado para <a href=\"https:\/\/www.farodevigo.es\/noticias-suscriptor\/economia\/2020\/05\/21\/escaparate-global-covid\/2290459.html\">Faro De Vigo<\/a> que \u00abhemos logrado que Rodavigo, siendo una compa\u00f1\u00eda local, haya sido capaz de trabajar a nivel global\u00bb.<\/p>\n\n\n\n<figure class=\"wp-block-image size-large is-resized\"><img loading=\"lazy\" decoding=\"async\" src=\"https:\/\/rodavigo.net\/blog\/wp-content\/uploads\/2020\/05\/rodavigo-web-global-covid.png\" alt=\"rodavigo-web-global-covid\" class=\"wp-image-27186\" width=\"870\" height=\"300\"\/><\/figure>\n\n\n\n<p>Para poder desarrollar con \u00e9xito estas estrategias, hemos puesto a disposici\u00f3n todas las herramientas tecnol\u00f3gicas necesarias para garantizar un teletrabajo estable y eficiente, de manera que en las instalaciones de Mos se pueda dar salida a la mercanc\u00eda con el personal indispensable bajo las condiciones de protecci\u00f3n y seguridad adecuadas. Gracias a esta combinaci\u00f3n, no solo no ha sido necesario aplicar ning\u00fan expediente de regulaci\u00f3n temporal de empleo (ERTE), sino que se ha diversificado el mercado y se ha priorizado la p\u00e1gina web como fuente de captaci\u00f3n y fidelizaci\u00f3n de clientes, sin desatender el comercio tradicional. Tal y como reconoci\u00f3 nuestro director general, \u00abeste a\u00f1o iba a ser muy bueno, est\u00e1bamos en un gran momento. Nos hemos adaptado y el teletrabajo funciona de maravilla\u00bb.<\/p>\n\n\n\n<p>Ante el descenso del comercio local y nacional, as\u00ed como la crisis de sectores como el del autom\u00f3vil, la opci\u00f3n de diversificar el tipo de producto y de cliente dio resultados positivos. Un ejemplo de ello fue un pedido solicitado desde la India por valor de 200.000 euros en materiales que sirven para la fabricaci\u00f3n de respiradores. El cliente nos conoci\u00f3 a trav\u00e9s de nuestra p\u00e1gina web, que renovamos por completo el a\u00f1o pasado. y nosotros tambi\u00e9n nos adaptamos al tipo de producto que poder suministrar. Y como este caso, se siguen negociando contratos con otros clientes extranjeros.<\/p>\n\n\n\n<p>A pesar de las dificultades que provoca la situaci\u00f3n actual que estamos viviendo, en Rodavigo seguiremos trabajando y adapt\u00e1ndonos a los retos de la mejor manera posible. Con una vuelta a la rutina pendiente todav\u00eda de la evoluci\u00f3n del Covid-19, estudiaremos nuestra propia desescalada tomando las medidas necesarias en la readaptaci\u00f3n de espacios de nuestras oficinas. Mientras tanto, seguiremos ofreciendo nuestro mejor servicio para cualquier lugar del mundo.<\/p>\n\n\n\n<p>Se puede consultar la noticia en la p\u00e1gina web del Faro De Vigo haciendo clic <a href=\"https:\/\/www.farodevigo.es\/noticias-suscriptor\/economia\/2020\/05\/21\/escaparate-global-covid\/2290459.html\">aqu\u00ed<\/a>.<\/p>\n","protected":false},"excerpt":{"rendered":"<p>La p\u00e1gina web de Rodavigo y la internacionalizaci\u00f3n de nuestro servicio han sido claves a la hora de hacer frente a las consecuencias econ\u00f3micas de la pandemia del coronavirus en &hellip; <\/p>\n<p class=\"link-more\"><a href=\"https:\/\/rodavigo.net\/blog\/rodavigo-trabaja-a-nivel-global-contra-el-covid-19\/\" class=\"more-link\">Continuar leyendo<span class=\"screen-reader-text\"> \u00abRodavigo Trabaja a Nivel Global contra el Covid-19\u00bb<\/span><\/a><\/p>\n","protected":false},"author":5,"featured_media":27186,"comment_status":"closed","ping_status":"closed","sticky":false,"template":"","format":"standard","meta":{"ngg_post_thumbnail":0,"footnotes":""},"categories":[],"tags":[1079,1082],"aioseo_notices":[],"_links":{"self":[{"href":"https:\/\/rodavigo.net\/blog\/wp-json\/wp\/v2\/posts\/27161"}],"collection":[{"href":"https:\/\/rodavigo.net\/blog\/wp-json\/wp\/v2\/posts"}],"about":[{"href":"https:\/\/rodavigo.net\/blog\/wp-json\/wp\/v2\/types\/post"}],"author":[{"embeddable":true,"href":"https:\/\/rodavigo.net\/blog\/wp-json\/wp\/v2\/users\/5"}],"replies":[{"embeddable":true,"href":"https:\/\/rodavigo.net\/blog\/wp-json\/wp\/v2\/comments?post=27161"}],"version-history":[{"count":19,"href":"https:\/\/rodavigo.net\/blog\/wp-json\/wp\/v2\/posts\/27161\/revisions"}],"predecessor-version":[{"id":27198,"href":"https:\/\/rodavigo.net\/blog\/wp-json\/wp\/v2\/posts\/27161\/revisions\/27198"}],"wp:featuredmedia":[{"embeddable":true,"href":"https:\/\/rodavigo.net\/blog\/wp-json\/wp\/v2\/media\/27186"}],"wp:attachment":[{"href":"https:\/\/rodavigo.net\/blog\/wp-json\/wp\/v2\/media?parent=27161"}],"wp:term":[{"taxonomy":"category","embeddable":true,"href":"https:\/\/rodavigo.net\/blog\/wp-json\/wp\/v2\/categories?post=27161"},{"taxonomy":"post_tag","embeddable":true,"href":"https:\/\/rodavigo.net\/blog\/wp-json\/wp\/v2\/tags?post=27161"}],"curies":[{"name":"wp","href":"https:\/\/api.w.org\/{rel}","templated":true}]}}