{"id":35242,"date":"2021-04-16T18:09:00","date_gmt":"2021-04-16T16:09:00","guid":{"rendered":"https:\/\/rodavigo.net\/blog\/?p=35242"},"modified":"2021-05-11T12:41:31","modified_gmt":"2021-05-11T10:41:31","slug":"consigue-medidor-co2-calidad-del-aire","status":"publish","type":"post","link":"https:\/\/rodavigo.net\/blog\/consigue-medidor-co2-calidad-del-aire\/","title":{"rendered":"Consigue tu Medidor de CO2 para la Calidad del Aire"},"content":{"rendered":"\n<p>El <a href=\"https:\/\/rodavigo.net\/es\/p\/medidor-de-co2-para-la-calidad-del-aire-sanico2-cubo-de-metacrilato-transparente-dimensiones-150x120x220-mm-sanotec\/536SANICO2\"><strong>medidor de CO2 Sanico2<\/strong><\/a> es un dispositivo inteligente que <strong>monitoriza la calidad del aire<\/strong> y te avisa si el espacio debe ser ventilado para crear un espacio seguro. Tener una correcta calidad del aire se ha convertido en una prioridad para nuestra salud, principalmente como forma preventiva para <strong>evitar la transmisi\u00f3n de virus<\/strong>, como ocurre actualmente con la <strong>COVID-19<\/strong>. En el siguiente v\u00eddeo se puede ver c\u00f3mo funciona este dispositivo:<\/p>\n\n\n<p><iframe loading=\"lazy\" title=\"YouTube video player\" src=\"https:\/\/www.youtube.com\/embed\/3H7yK0lNw5I\" width=\"800\" height=\"450\" frameborder=\"0\" allowfullscreen=\"allowfullscreen\"><\/iframe><\/p>\n\n\n<p>Este medidor de CO2 ofrece un control visual del estado de la calidad del aire y env\u00eda alertas y notificaciones a tu m\u00f3vil aunque te encuentres fuera de la ubicaci\u00f3n donde est\u00e1 situado el dispositivo. Su instalaci\u00f3n es r\u00e1pida y sencilla, por lo que podr\u00e1s controlar desde la <strong>APP m\u00f3vil<\/strong> uno o m\u00faltiples dispositivos.<\/p>\n\n\n\n<div class=\"wp-block-image\"><figure class=\"alignleft size-large is-resized\"><a href=\"https:\/\/rodavigo.net\/blog\/wp-content\/uploads\/2021\/04\/medidor-co2-rodavigo-fondo-blanco.png\"><img loading=\"lazy\" decoding=\"async\" src=\"https:\/\/rodavigo.net\/blog\/wp-content\/uploads\/2021\/04\/medidor-co2-rodavigo-fondo-blanco.png\" alt=\"medidor-co2-rodavigo-fondo-blanco\" class=\"wp-image-35324\" width=\"300\" height=\"267\"\/><\/a><\/figure><\/div>\n\n\n\n<div style=\"height:25px\" aria-hidden=\"true\" class=\"wp-block-spacer\"><\/div>\n\n\n\n<h2 class=\"wp-block-heading\">El medidor de CO2 Sanico2, \u00bfcumple con la legislaci\u00f3n?<\/h2>\n\n\n\n<p>Este producto est\u00e1 <strong>fabricado en Espa\u00f1a por Sanotec<\/strong> siguiendo los criterios del <strong>CSIC<\/strong> (Consejo Superior de Investigaciones Cient\u00edficas), y cuenta con el <strong>Certificado Europeo<\/strong>. Sanotec es una empresa especializada en tecnolog\u00eda para crear espacios seguros.<\/p>\n\n\n\n<div style=\"height:25px\" aria-hidden=\"true\" class=\"wp-block-spacer\"><\/div>\n\n\n\n<h2 class=\"wp-block-heading\">\u00bfQui\u00e9n puede utilizar el medidor de CO2?<\/h2>\n\n\n\n<p>El dispositivo tiene una funci\u00f3n de <strong>monitorizaci\u00f3n externa<\/strong> especialmente pensado tanto para organismos p\u00fablicos, privados o establecimientos en general. El objetivo es que la informaci\u00f3n sea accesible tanto a nivel interno como externo, de manera clara y sencilla.<\/p>\n\n\n\n<div class=\"wp-block-image\"><figure class=\"alignleft size-large is-resized\"><a href=\"https:\/\/rodavigo.net\/blog\/wp-content\/uploads\/2021\/04\/medidor-co2-colores.png\"><img loading=\"lazy\" decoding=\"async\" src=\"https:\/\/rodavigo.net\/blog\/wp-content\/uploads\/2021\/04\/medidor-co2-colores.png\" alt=\"medidor-co2-colores\" class=\"wp-image-35268\" width=\"260\" height=\"135\"\/><\/a><\/figure><\/div>\n\n\n\n<div style=\"height:25px\" aria-hidden=\"true\" class=\"wp-block-spacer\"><\/div>\n\n\n\n<h2 class=\"wp-block-heading\">\u00bfPor qu\u00e9 es importante el medidor de CO2?<\/h2>\n\n\n\n<div class=\"wp-block-image\"><figure class=\"alignright size-large is-resized\"><a href=\"https:\/\/rodavigo.net\/blog\/wp-content\/uploads\/2021\/04\/medidor-co2.png\"><img loading=\"lazy\" decoding=\"async\" src=\"https:\/\/rodavigo.net\/blog\/wp-content\/uploads\/2021\/04\/medidor-co2.png\" alt=\"medidor-co2\" class=\"wp-image-35258\" width=\"321\" height=\"340\"\/><\/a><\/figure><\/div>\n\n\n\n<p>La utilizaci\u00f3n de un dispositivo tecnol\u00f3gico que pueda ayudar a <strong>controlar la calidad del aire<\/strong> en espacios interiores y a <strong>generar tranquilidad en los clientes<\/strong> puede ser clave de cara a obtener informaci\u00f3n de mayor calidad, fiabilidad y accesible para todos.<\/p>\n<p>Estos medidores no tienen como objetivo sustituir las medidas de seguridad ya establecidas en cuanto a control de aforos, distanciamiento social, uso de mascarillas o ventilaci\u00f3n. Tienen como meta <strong>ayudar a medir y ofrecer informaci\u00f3n<\/strong> sobre la calidad del aire en determinados establecimientos, de forma transparente. Cuanto mayor es la concentraci\u00f3n de CO2, peor es la calidad del aire y m\u00e1s riesgo hay en el contagio. Poder medir esto ayudar\u00e1 a <strong>recuperar el consumo y la confianza de los clientes<\/strong>.<\/p>\n\n\n\n<div style=\"height:25px\" aria-hidden=\"true\" class=\"wp-block-spacer\"><\/div>\n\n\n\n<h2 class=\"wp-block-heading\">Caracter\u00edsticas t\u00e9cnicas del medidor de CO2<\/h2>\n\n\n\n<div class=\"wp-block-image\"><figure class=\"alignright size-large is-resized\"><a href=\"https:\/\/rodavigo.net\/blog\/wp-content\/uploads\/2021\/04\/medidor-co2-movil.png\"><img loading=\"lazy\" decoding=\"async\" src=\"https:\/\/rodavigo.net\/blog\/wp-content\/uploads\/2021\/04\/medidor-co2-movil.png\" alt=\"medidor-co2-movil\" class=\"wp-image-35276\" width=\"366\" height=\"272\"\/><\/a><\/figure><\/div>\n\n\n\n<ul class=\"list-icon\"><li>Material: metacrilato transparente<\/li><li>Sensores NDIR de CO2 y temperatura.<\/li><li>LEDs de alarma inteligente: verde, naranja y rojo<\/li><li>Pantalla integrada para monitorizaci\u00f3n en tiempo real<\/li><li>Rango CO2: 400-5000PPM<\/li><li>Sensibilidad CO2: 1PPM<\/li><li>Precisi\u00f3n: +\/-50ppm +5% valor de lectura<\/li><li>Rango de temperatura: -10 ~ 70 \u2103<\/li><li>Precisi\u00f3n temperatura: \u00b1 1 \u2103<\/li><li>Modo de carga: DC5V 2A<\/li><li>Conexi\u00f3n WIFI 2.4Ghz con autenticaci\u00f3n WEB y WPA\/WPA2<\/li><li>Tama\u00f1o del producto: 90x90x120mm<\/li><li>Tama\u00f1o del paquete: 150x120x220mm<\/li><li>Peso del paquete: 400g<\/li><\/ul>\n\n\n\n<div style=\"height:25px\" aria-hidden=\"true\" class=\"wp-block-spacer\"><\/div>\n\n\n\n<h2 class=\"wp-block-heading\">Los medios de comunicaci\u00f3n se hacen eco del medidor de CO2<\/h2>\n\n\n\n<ul class=\"list-icon\"><li>ABC -> <a href=\"https:\/\/www.abc.es\/espana\/galicia\/abci-hosteleria-dispara-venta-medidores-locura-202104161749_noticia.html?ref=https:%2F%2Fwww.google.com%2F\">Enlace<\/a><\/li><li>Antena 3 -> <a href=\"https:\/\/www.antena3.com\/noticias\/economia\/disparan-ventas-medidores-co2-obligatorios-restaurantes-galicia-partir-23-abril_2021041660798ebf7f2b2d0001016b22.html\">Enlace<\/a><\/li><li>Cadena Ser -> <a href=\"https:\/\/rodavigo.net\/blog\/wp-content\/uploads\/2021\/04\/entrevista-cadena-ser.mp3\">Enlace 1<\/a> | <a href=\"https:\/\/cadenaser.com\/emisora\/2021\/04\/21\/radio_vigo\/1619022782_268358.html\">Enlace 2<\/a><\/li><li>Concello de Mos -> <a href=\"https:\/\/www.mos.es\/mos-concello-pioneiro-en-entregar-aos-seus-hostaleiros-medidores-de-c02-para-facilitarlles-a-adaptacion-ao-plan-de-hostaleria-segura-de-galicia\/\">Enlace 1<\/a> | <a href=\"https:\/\/www.mos.es\/mos-entrega-medidores-de-co2-aos-seus-75-hostaleiros\/\">Enlace 2<\/a><\/li><li>El Espa\u00f1ol -> <a href=\"https:\/\/www.elespanol.com\/treintayseis\/articulos\/actualidad\/el-concello-de-mos-pontevedra-entregara-medidores-de-co2-a-la-hosteleria-del-municipio\">Enlace 1<\/a> | <a href=\"https:\/\/www.elespanol.com\/treintayseis\/articulos\/actualidad\/mos-pontevedra-concluye-la-entrega-de-medidores-de-co2-a-todos-sus-locales-de-hosteleria\">Enlace 2<\/a><\/li><li>Faro de Vigo -> <a href=\"https:\/\/www.farodevigo.es\/comarcas\/2021\/04\/18\/medidores-co2-gratis-hosteleros-mos-48449342.html\">Enlace 1<\/a> | <a href=\"https:\/\/www.farodevigo.es\/sociedad\/2021\/04\/19\/medidores-co2-nuevas-mascarillas-48474939.html\">Enlace 2<\/a> | <a href=\"https:\/\/www.farodevigo.es\/comarcas\/2021\/04\/22\/medidores-co2-gratis-llegan-75-48555980.html\">Enlace 3<\/a> | <a href=\"https:\/\/www.farodevigo.es\/bisbarras\/2021\/04\/24\/hostaleiros-mos-reciben-medidores-co2-48801690.html\">Enlace 4<\/a><\/li><li>La Voz de Galicia -> <a href=\"https:\/\/www.lavozdegalicia.es\/noticia\/sociedad\/2021\/04\/16\/pedidos-medidores-co2-disparan-agotarlos\/0003_202104G16P3992.htm\">Enlace 1<\/a> | <a href=\"https:\/\/www.lavozdegalicia.es\/noticia\/vigo\/mos\/2021\/04\/18\/restaurantes-mos-tendran-medidores-co2-gratis\/0003_202104V18C7992.htm\">Enlace 2<\/a> | <a href=\"https:\/\/www.lavozdegalicia.es\/noticia\/vigo\/mos\/2021\/04\/22\/mos-entrega-medidores-co2-75-hosteleros\/0003_202104V22C5993.htm\">Enlace 3<\/a> | <a href=\"https:\/\/www.lavozdegalicia.es\/noticia\/vigo\/mos\/2021\/05\/11\/empresa-mos-vendido-400-medidores-co2\/0003_202105V11C5991.htm\">Enlace 4<\/a><\/li><li>Metropolitano -> <a href=\"https:\/\/metropolitano.gal\/enfoque\/mos-entrega-a-su-restauracion-medidores-de-co2-para-que-puedan-cumplir-la-normativa-sanitaria\/\">Enlace 1<\/a> | <a href=\"https:\/\/metropolitano.gal\/enfoque\/os-hostaleiros-de-mos-reciben-medidores-de-co2-de-balde-grazas-a-axuda-dunha-empresa-local\/\">Enlace 2<\/a><\/li><li>Radio Galega -> <a href=\"https:\/\/rodavigo.net\/blog\/wp-content\/uploads\/2021\/04\/entrevista-radio-galega.mp3\">Enlace<\/a><\/li><li>Radio Voz -> <a href=\"https:\/\/rodavigo.net\/blog\/wp-content\/uploads\/2021\/04\/entrevista-radio-voz.mp3\">Enlace<\/a><\/li><li>Son do Louro -> <a href=\"http:\/\/www.sondolouro.com\/index.php\/mos\/item\/6860-mos-entrega-aos-seus-hostaleiros-medidores-de-c02.html?fbclid=IwAR2BF1X_e_7UU_5xqE6I6cobBnAl_-jn-euSp9gnshsk63P6OLwokFBltYk\">Enlace<\/a><\/li><li>TVG -> <a href=\"http:\/\/www.crtvg.es\/informativos\/o-concello-de-mos-distribue-de-balde-medidores-de-co2-para-todos-os-establecementos-do-municipio-4961474\">Enlace<\/a><\/li><li>Vigo\u00c9 -> <a href=\"https:\/\/www.vigoe.es\/coronavirus\/a-hostaleria-de-mos-empeza-a-recibir-medidores-de-co2-de-balde\/\">Enlace<\/a><\/li><li>Xornal 21 -> <a href=\"https:\/\/xornal21.com\/art\/40525\/mos-entregara-aos-seus-hostaleiros-medidores-de-c02-de-xeito-gratuito\">Enlace<\/a><\/li><\/ul>\n\n\n\n<div style=\"height:25px\" aria-hidden=\"true\" class=\"wp-block-spacer\"><\/div>\n\n\n\n<h2 class=\"wp-block-heading\">\u00bfC\u00f3mo puedo conseguir un medidor de CO2 en Rodavigo?<\/h2>\n\n\n\n<p>Simplemente tienes que solicitarlo en nuestra p\u00e1gina web <a href=\"https:\/\/rodavigo.net\/es\/p\/medidor-de-co2-para-la-calidad-del-aire-sanico2-cubo-de-metacrilato-transparente-dimensiones-150x120x220-mm-sanotec\/536SANICO2\"><strong>haciendo clic en este enlace<\/strong><\/a>. Tambi\u00e9n puedes hacerlo o consultarnos cualquier duda al respecto en nuestro <a href=\"https:\/\/rodavigo.net\/es\/contacto\">formulario de contacto<\/a>, correo electr\u00f3nico o n\u00famero de tel\u00e9fono.<\/p>\n\n\n<p class=\"contact-footer\"><i class=\"fa fa-phone\"><\/i><a href=\"tel:+34986288118\">+34 986 288 118<\/a><br class=\"visible-xs\"><i class=\"fa fa-envelope-o\"><\/i><a href=\"mailto:web@rodavigo.com\">web@rodavigo.com<\/a><\/p>","protected":false},"excerpt":{"rendered":"<p>El medidor de CO2 Sanico2 es un dispositivo inteligente que monitoriza la calidad del aire y te avisa si el espacio debe ser ventilado para crear un espacio seguro. Tener &hellip; <\/p>\n<p class=\"link-more\"><a href=\"https:\/\/rodavigo.net\/blog\/consigue-medidor-co2-calidad-del-aire\/\" class=\"more-link\">Continuar leyendo<span class=\"screen-reader-text\"> \u00abConsigue tu Medidor de CO2 para la Calidad del Aire\u00bb<\/span><\/a><\/p>\n","protected":false},"author":5,"featured_media":35292,"comment_status":"closed","ping_status":"closed","sticky":false,"template":"","format":"standard","meta":{"ngg_post_thumbnail":0,"footnotes":""},"categories":[],"tags":[],"aioseo_notices":[],"_links":{"self":[{"href":"https:\/\/rodavigo.net\/blog\/wp-json\/wp\/v2\/posts\/35242"}],"collection":[{"href":"https:\/\/rodavigo.net\/blog\/wp-json\/wp\/v2\/posts"}],"about":[{"href":"https:\/\/rodavigo.net\/blog\/wp-json\/wp\/v2\/types\/post"}],"author":[{"embeddable":true,"href":"https:\/\/rodavigo.net\/blog\/wp-json\/wp\/v2\/users\/5"}],"replies":[{"embeddable":true,"href":"https:\/\/rodavigo.net\/blog\/wp-json\/wp\/v2\/comments?post=35242"}],"version-history":[{"count":39,"href":"https:\/\/rodavigo.net\/blog\/wp-json\/wp\/v2\/posts\/35242\/revisions"}],"predecessor-version":[{"id":35729,"href":"https:\/\/rodavigo.net\/blog\/wp-json\/wp\/v2\/posts\/35242\/revisions\/35729"}],"wp:featuredmedia":[{"embeddable":true,"href":"https:\/\/rodavigo.net\/blog\/wp-json\/wp\/v2\/media\/35292"}],"wp:attachment":[{"href":"https:\/\/rodavigo.net\/blog\/wp-json\/wp\/v2\/media?parent=35242"}],"wp:term":[{"taxonomy":"category","embeddable":true,"href":"https:\/\/rodavigo.net\/blog\/wp-json\/wp\/v2\/categories?post=35242"},{"taxonomy":"post_tag","embeddable":true,"href":"https:\/\/rodavigo.net\/blog\/wp-json\/wp\/v2\/tags?post=35242"}],"curies":[{"name":"wp","href":"https:\/\/api.w.org\/{rel}","templated":true}]}}